{"id":173,"date":"2025-05-22T13:45:06","date_gmt":"2025-05-22T16:45:06","guid":{"rendered":"https:\/\/potencialembalagens.com.br\/blog\/?p=173"},"modified":"2026-01-13T11:32:24","modified_gmt":"2026-01-13T14:32:24","slug":"o-que-e-o-corte-vinco-e-qual-diferenca-ele-faz-nas-caixas-de-transporte","status":"publish","type":"post","link":"https:\/\/potencialembalagens.com.br\/blog\/o-que-e-o-corte-vinco-e-qual-diferenca-ele-faz-nas-caixas-de-transporte\/","title":{"rendered":"O que \u00e9 o corte-vinco e qual diferen\u00e7a ele faz nas caixas de transporte?"},"content":{"rendered":"\n<p class=\"has-medium-font-size\"><strong><em>Entenda o que \u00e9 o corte-vinco e por que ele \u00e9 essencial para a efici\u00eancia, personaliza\u00e7\u00e3o e seguran\u00e7a das caixas de transporte usadas por empresas e transportadoras.<\/em><\/strong><\/p>\n\n\n\n<p>Quando se fala em embalagens de papel\u00e3o, a funcionalidade vai muito al\u00e9m da simples prote\u00e7\u00e3o. A escolha da caixa ideal impacta diretamente a log\u00edstica, a experi\u00eancia do cliente e a imagem da empresa.<\/p>\n\n\n\n<p>\u00c9 nesse contexto que o <strong>corte-vinco<\/strong> se destaca como uma solu\u00e7\u00e3o eficaz para quem busca <strong>embalagens inteligentes, sob medida e seguras<\/strong>.<\/p>\n\n\n\n<p>Ao longo deste artigo, voc\u00ea vai entender o que \u00e9 o corte-vinco, como ele transforma a produ\u00e7\u00e3o de <strong>caixas de papel\u00e3o<\/strong> e por que faz toda a diferen\u00e7a para <strong>transportadoras e empresas que precisam de embalagem sob medida<\/strong>.<\/p>\n\n\n\n<ul class=\"wp-block-list\">\n<li><a href=\"https:\/\/potencialembalagens.com.br\/blog\/como-tornar-sua-logistica-mais-eficiente-com-o-uso-inteligente-de-embalagens-para-embarque\/\" target=\"_blank\" rel=\"noreferrer noopener\">Como tornar sua log\u00edstica mais eficiente com o uso inteligente de embalagens para embarque<\/a><\/li>\n\n\n\n<li><a href=\"https:\/\/potencialembalagens.com.br\/blog\/pare-de-perder-vendas-use-caixa-de-papelao-maleta\/\" target=\"_blank\" rel=\"noreferrer noopener\">Pare de perder vendas: use caixa de papel\u00e3o maleta<\/a><\/li>\n<\/ul>\n\n\n\n<h2 class=\"wp-block-heading\"><strong>O que \u00e9 o corte-vinco e como funciona<\/strong><\/h2>\n\n\n\n<p>O processo de <strong>corte-vinco<\/strong> \u00e9 uma t\u00e9cnica industrial aplicada \u00e0 fabrica\u00e7\u00e3o de caixas de papel\u00e3o. Ele envolve duas etapas fundamentais:<\/p>\n\n\n\n<ul class=\"wp-block-list\">\n<li><strong>Corte:<\/strong> Define o tamanho e o formato da caixa, moldando o papel\u00e3o conforme o projeto da embalagem.<br><\/li>\n\n\n\n<li><strong>Vinco:<\/strong> Consiste em marcar e pressionar o papel\u00e3o sem cort\u00e1-lo, criando linhas que facilitam a dobra e a montagem da caixa.<br><\/li>\n<\/ul>\n\n\n\n<p>Com esse processo, \u00e9 poss\u00edvel produzir <strong>caixas sob medida<\/strong>, com <strong>encaixes precisos e formatos personalizados<\/strong>. Isso se traduz em <strong>maior efici\u00eancia log\u00edstica, economia de espa\u00e7o e prote\u00e7\u00e3o aprimorada<\/strong> para o produto transportado.<\/p>\n\n\n\n<ul class=\"wp-block-list\">\n<li><a href=\"https:\/\/potencialembalagens.com.br\/blog\/acessorios-de-papelao-personalize-sua-embalagem-com-a-potencial-embalagens\/\" target=\"_blank\" rel=\"noreferrer noopener\">Acess\u00f3rios de papel\u00e3o: personalize sua embalagem com a Potencial Embalagens<\/a><\/li>\n<\/ul>\n\n\n\n<h2 class=\"wp-block-heading\"><strong>Tipos de caixas corte e vinco e suas aplica\u00e7\u00f5es<\/strong><\/h2>\n\n\n\n<p>A diversidade \u00e9 uma das maiores vantagens da <strong>caixa corte-vinco<\/strong>. Confira os principais tipos e onde s\u00e3o utilizados:<\/p>\n\n\n\n<p><strong>Caixa de aba reta<\/strong> \u2014 Ideal para produtos leves, \u00e9 uma op\u00e7\u00e3o simples e econ\u00f4mica.<\/p>\n\n\n\n<p><strong>Caixa de automontagem<\/strong> \u2014 Perfeita para o e-commerce, \u00e9 f\u00e1cil de montar, desmontar e ocupa menos espa\u00e7o.<\/p>\n\n\n\n<p><strong>Caixa com tampa articulada<\/strong> \u2014 Um modelo sofisticado, ideal para presentes e brindes corporativos.<\/p>\n\n\n\n<p><strong>Caixa com fecho em ber\u00e7o<\/strong> \u2014 Oferece seguran\u00e7a extra para produtos mais sens\u00edveis ou delicados.<\/p>\n\n\n\n<p><strong>Caixa com al\u00e7a<\/strong> \u2014 Pr\u00e1tica para o transporte, \u00e9 muito usada em feiras, delivery e eventos.<\/p>\n\n\n\n<p><strong>Caixas personalizadas<\/strong> \u2014 Criadas sob medida para produtos espec\u00edficos, adaptam-se ao tamanho e formato do que ser\u00e1 embalado.<\/p>\n\n\n\n<figure class=\"wp-block-image size-full is-resized\"><img loading=\"lazy\" decoding=\"async\" width=\"696\" height=\"694\" src=\"https:\/\/potencialembalagens.com.br\/blog\/wp-content\/uploads\/2025\/05\/visual-selection.png\" alt=\"\" class=\"wp-image-175\" style=\"width:603px;height:auto\" srcset=\"https:\/\/potencialembalagens.com.br\/blog\/wp-content\/uploads\/2025\/05\/visual-selection.png 696w, https:\/\/potencialembalagens.com.br\/blog\/wp-content\/uploads\/2025\/05\/visual-selection-300x300.png 300w, https:\/\/potencialembalagens.com.br\/blog\/wp-content\/uploads\/2025\/05\/visual-selection-150x150.png 150w\" sizes=\"auto, (max-width: 696px) 100vw, 696px\" \/><\/figure>\n\n\n\n<h2 class=\"wp-block-heading\"><strong>Vantagens do corte-vinco para transportadoras e empresas<\/strong><\/h2>\n\n\n\n<p>Investir em <strong>caixas de papel\u00e3o corte e vinco<\/strong> n\u00e3o \u00e9 apenas uma quest\u00e3o est\u00e9tica ou de marca, mas sim uma estrat\u00e9gia funcional e vantajosa. Veja por qu\u00ea:<\/p>\n\n\n\n<p><strong>Versatilidade:<\/strong> O processo permite total <strong>personaliza\u00e7\u00e3o de tamanho, forma, acabamento e design<\/strong> da embalagem.<\/p>\n\n\n\n<p><strong>Resist\u00eancia:<\/strong> As caixas s\u00e3o mais estruturadas, aumentando a prote\u00e7\u00e3o contra danos durante o transporte e armazenamento.<\/p>\n\n\n\n<p><strong>Sustentabilidade:<\/strong> Facilita a montagem e desmontagem, contribuindo para o uso racional de espa\u00e7o e materiais.<\/p>\n\n\n\n<p><strong>Custo-benef\u00edcio:<\/strong> Apesar do processo t\u00e9cnico, a rela\u00e7\u00e3o entre qualidade e pre\u00e7o \u00e9 muito atrativa para empresas de todos os tamanhos.<\/p>\n\n\n\n<h2 class=\"wp-block-heading\"><strong>Setores que mais se beneficiam das caixas corte e vinco<\/strong><\/h2>\n\n\n\n<p>O uso de <strong>caixas corte e vinco<\/strong> \u00e9 extremamente amplo. Abaixo, os principais segmentos que se beneficiam diretamente dessa solu\u00e7\u00e3o:<\/p>\n\n\n\n<ul class=\"wp-block-list\">\n<li><strong>E-commerce:<\/strong> Embalagens personalizadas agregam valor \u00e0 entrega e refor\u00e7am a identidade da marca.<br><\/li>\n\n\n\n<li><strong>Ind\u00fastria:<\/strong> Permite o transporte seguro de equipamentos, pe\u00e7as, insumos e produtos acabados.<br><\/li>\n\n\n\n<li><strong>Aliment\u00edcio e farmac\u00eautico:<\/strong> Atende exig\u00eancias de higiene, conserva\u00e7\u00e3o e seguran\u00e7a no transporte.<br><\/li>\n\n\n\n<li><strong>Servi\u00e7os:<\/strong> Delivery e take-away se beneficiam de modelos pr\u00e1ticos e resistentes.<br><\/li>\n\n\n\n<li><strong>Mudan\u00e7as e log\u00edstica:<\/strong> Facilitam o transporte de pertences com organiza\u00e7\u00e3o e seguran\u00e7a.<br><\/li>\n<\/ul>\n\n\n\n<h2 class=\"wp-block-heading\"><strong>Por que escolher a Potencial Embalagens para sua caixa de papel\u00e3o corte e vinco<\/strong><\/h2>\n\n\n\n<p>Com <strong>10 anos de experi\u00eancia no mercado de embalagens de papel\u00e3o ondulado<\/strong>, a <strong>Potencial Embalagens<\/strong> se posiciona como <strong>refer\u00eancia em qualidade, confiabilidade e personaliza\u00e7\u00e3o<\/strong>.<\/p>\n\n\n\n<p>Atendemos segmentos como o <strong>petroqu\u00edmico, farmac\u00eautico, aliment\u00edcio, veterin\u00e1rio e autope\u00e7as<\/strong>, com solu\u00e7\u00f5es sob medida que agregam valor real ao seu neg\u00f3cio.<\/p>\n\n\n\n<p>Nosso diferencial est\u00e1 no atendimento pr\u00f3ximo, na entrega pontual e na capacidade de <strong>desenvolver embalagens que realmente resolvem problemas log\u00edsticos e de branding<\/strong>.<\/p>\n\n\n\n<p>Se voc\u00ea busca um <strong>fornecedor de caixas de papel\u00e3o corte e vinco<\/strong> que compreenda suas necessidades, fale com a <strong>Potencial Embalagens<\/strong> e descubra como podemos ajudar seu produto a chegar mais longe com mais valor.<\/p>\n\n\n\n<h2 class=\"wp-block-heading\"><strong>A diferen\u00e7a que o corte-vinco faz est\u00e1 no detalhe<\/strong><\/h2>\n\n\n\n<p>Ao adotar o <strong>corte-vinco<\/strong> como padr\u00e3o para suas embalagens, sua empresa ganha em <strong>efici\u00eancia, seguran\u00e7a, personaliza\u00e7\u00e3o e percep\u00e7\u00e3o de valor<\/strong>.<\/p>\n\n\n\n<p>A <strong>Potencial Embalagens<\/strong> est\u00e1 pronta para ser sua aliada nessa transforma\u00e7\u00e3o. Fale com a nossa equipe e solicite um or\u00e7amento personalizado. Encontre a solu\u00e7\u00e3o ideal com quem entende do assunto.<\/p>\n\n\n\n<p class=\"has-medium-font-size\"><strong><em><a href=\"https:\/\/potencialembalagens.com.br\/contato\">Entre em contato<\/a> com a Potencial Embalagens e descubra como nossas solu\u00e7\u00f5es em corte-vinco podem transformar a forma como sua empresa embala, transporta e se apresenta ao mercado<\/em><\/strong>.<\/p>\n","protected":false},"excerpt":{"rendered":"<p>Entenda o que \u00e9 o corte-vinco e por que ele \u00e9 essencial para a efici\u00eancia, personaliza\u00e7\u00e3o e seguran\u00e7a das caixas de transporte usadas por empresas e transportadoras. Quando se fala em embalagens de papel\u00e3o, a funcionalidade vai muito al\u00e9m da&#8230;<\/p>\n","protected":false},"author":1,"featured_media":174,"comment_status":"open","ping_status":"open","sticky":false,"template":"","format":"standard","meta":{"footnotes":""},"categories":[844],"tags":[],"class_list":["post-173","post","type-post","status-publish","format-standard","has-post-thumbnail","hentry","category-corte-vinco"],"yoast_head":"<!-- This site is optimized with the Yoast SEO plugin v24.5 - https:\/\/yoast.com\/wordpress\/plugins\/seo\/ -->\n<title>O que \u00e9 o corte-vinco e qual diferen\u00e7a ele faz nas caixas de transporte? - Blog | Potencial Embalagens<\/title>\n<meta name=\"robots\" content=\"noindex, follow, max-snippet:-1, max-image-preview:large, max-video-preview:-1\" \/>\n<meta property=\"og:locale\" content=\"pt_BR\" \/>\n<meta property=\"og:type\" content=\"article\" \/>\n<meta property=\"og:title\" content=\"O que \u00e9 o corte-vinco e qual diferen\u00e7a ele faz nas caixas de transporte? - Blog | Potencial Embalagens\" \/>\n<meta property=\"og:description\" content=\"Entenda o que \u00e9 o corte-vinco e por que ele \u00e9 essencial para a efici\u00eancia, personaliza\u00e7\u00e3o e seguran\u00e7a das caixas de transporte usadas por empresas e transportadoras. Quando se fala em embalagens de papel\u00e3o, a funcionalidade vai muito al\u00e9m da...\" \/>\n<meta property=\"og:url\" content=\"https:\/\/potencialembalagens.com.br\/blog\/o-que-e-o-corte-vinco-e-qual-diferenca-ele-faz-nas-caixas-de-transporte\/\" \/>\n<meta property=\"og:site_name\" content=\"Blog | Potencial Embalagens\" \/>\n<meta property=\"article:published_time\" content=\"2025-05-22T16:45:06+00:00\" \/>\n<meta property=\"article:modified_time\" content=\"2026-01-13T14:32:24+00:00\" \/>\n<meta property=\"og:image\" content=\"https:\/\/potencialembalagens.com.br\/blog\/wp-content\/uploads\/2025\/05\/corte-vinco.webp\" \/>\n\t<meta property=\"og:image:width\" content=\"740\" \/>\n\t<meta property=\"og:image:height\" content=\"782\" \/>\n\t<meta property=\"og:image:type\" content=\"image\/webp\" \/>\n<meta name=\"author\" content=\"admin\" \/>\n<meta name=\"twitter:card\" content=\"summary_large_image\" \/>\n<meta name=\"twitter:label1\" content=\"Escrito por\" \/>\n\t<meta name=\"twitter:data1\" content=\"admin\" \/>\n\t<meta name=\"twitter:label2\" content=\"Est. tempo de leitura\" \/>\n\t<meta name=\"twitter:data2\" content=\"5 minutos\" \/>\n<script type=\"application\/ld+json\" class=\"yoast-schema-graph\">{\"@context\":\"https:\/\/schema.org\",\"@graph\":[{\"@type\":\"Article\",\"@id\":\"https:\/\/potencialembalagens.com.br\/blog\/o-que-e-o-corte-vinco-e-qual-diferenca-ele-faz-nas-caixas-de-transporte\/#article\",\"isPartOf\":{\"@id\":\"https:\/\/potencialembalagens.com.br\/blog\/o-que-e-o-corte-vinco-e-qual-diferenca-ele-faz-nas-caixas-de-transporte\/\"},\"author\":{\"name\":\"admin\",\"@id\":\"https:\/\/potencialembalagens.com.br\/blog\/#\/schema\/person\/6bfc406a13e7f15f179f6558cfb23a98\"},\"headline\":\"O que \u00e9 o corte-vinco e qual diferen\u00e7a ele faz nas caixas de transporte?\",\"datePublished\":\"2025-05-22T16:45:06+00:00\",\"dateModified\":\"2026-01-13T14:32:24+00:00\",\"mainEntityOfPage\":{\"@id\":\"https:\/\/potencialembalagens.com.br\/blog\/o-que-e-o-corte-vinco-e-qual-diferenca-ele-faz-nas-caixas-de-transporte\/\"},\"wordCount\":849,\"commentCount\":0,\"publisher\":{\"@id\":\"https:\/\/potencialembalagens.com.br\/blog\/#organization\"},\"image\":{\"@id\":\"https:\/\/potencialembalagens.com.br\/blog\/o-que-e-o-corte-vinco-e-qual-diferenca-ele-faz-nas-caixas-de-transporte\/#primaryimage\"},\"thumbnailUrl\":\"https:\/\/potencialembalagens.com.br\/blog\/wp-content\/uploads\/2025\/05\/corte-vinco.webp\",\"articleSection\":[\"Corte-vinco\"],\"inLanguage\":\"pt-BR\",\"potentialAction\":[{\"@type\":\"CommentAction\",\"name\":\"Comment\",\"target\":[\"https:\/\/potencialembalagens.com.br\/blog\/o-que-e-o-corte-vinco-e-qual-diferenca-ele-faz-nas-caixas-de-transporte\/#respond\"]}]},{\"@type\":\"WebPage\",\"@id\":\"https:\/\/potencialembalagens.com.br\/blog\/o-que-e-o-corte-vinco-e-qual-diferenca-ele-faz-nas-caixas-de-transporte\/\",\"url\":\"https:\/\/potencialembalagens.com.br\/blog\/o-que-e-o-corte-vinco-e-qual-diferenca-ele-faz-nas-caixas-de-transporte\/\",\"name\":\"O que \u00e9 o corte-vinco e qual diferen\u00e7a ele faz nas caixas de transporte? - Blog | Potencial Embalagens\",\"isPartOf\":{\"@id\":\"https:\/\/potencialembalagens.com.br\/blog\/#website\"},\"primaryImageOfPage\":{\"@id\":\"https:\/\/potencialembalagens.com.br\/blog\/o-que-e-o-corte-vinco-e-qual-diferenca-ele-faz-nas-caixas-de-transporte\/#primaryimage\"},\"image\":{\"@id\":\"https:\/\/potencialembalagens.com.br\/blog\/o-que-e-o-corte-vinco-e-qual-diferenca-ele-faz-nas-caixas-de-transporte\/#primaryimage\"},\"thumbnailUrl\":\"https:\/\/potencialembalagens.com.br\/blog\/wp-content\/uploads\/2025\/05\/corte-vinco.webp\",\"datePublished\":\"2025-05-22T16:45:06+00:00\",\"dateModified\":\"2026-01-13T14:32:24+00:00\",\"breadcrumb\":{\"@id\":\"https:\/\/potencialembalagens.com.br\/blog\/o-que-e-o-corte-vinco-e-qual-diferenca-ele-faz-nas-caixas-de-transporte\/#breadcrumb\"},\"inLanguage\":\"pt-BR\",\"potentialAction\":[{\"@type\":\"ReadAction\",\"target\":[\"https:\/\/potencialembalagens.com.br\/blog\/o-que-e-o-corte-vinco-e-qual-diferenca-ele-faz-nas-caixas-de-transporte\/\"]}]},{\"@type\":\"ImageObject\",\"inLanguage\":\"pt-BR\",\"@id\":\"https:\/\/potencialembalagens.com.br\/blog\/o-que-e-o-corte-vinco-e-qual-diferenca-ele-faz-nas-caixas-de-transporte\/#primaryimage\",\"url\":\"https:\/\/potencialembalagens.com.br\/blog\/wp-content\/uploads\/2025\/05\/corte-vinco.webp\",\"contentUrl\":\"https:\/\/potencialembalagens.com.br\/blog\/wp-content\/uploads\/2025\/05\/corte-vinco.webp\",\"width\":740,\"height\":782,\"caption\":\"O que \u00e9 o corte-vinco e qual diferen\u00e7a ele faz nas caixas de transporte?\"},{\"@type\":\"BreadcrumbList\",\"@id\":\"https:\/\/potencialembalagens.com.br\/blog\/o-que-e-o-corte-vinco-e-qual-diferenca-ele-faz-nas-caixas-de-transporte\/#breadcrumb\",\"itemListElement\":[{\"@type\":\"ListItem\",\"position\":1,\"name\":\"In\u00edcio\",\"item\":\"https:\/\/potencialembalagens.com.br\/blog\/\"},{\"@type\":\"ListItem\",\"position\":2,\"name\":\"O que \u00e9 o corte-vinco e qual diferen\u00e7a ele faz nas caixas de transporte?\"}]},{\"@type\":\"WebSite\",\"@id\":\"https:\/\/potencialembalagens.com.br\/blog\/#website\",\"url\":\"https:\/\/potencialembalagens.com.br\/blog\/\",\"name\":\"Blog | Potencial Embalagens\",\"description\":\"\",\"publisher\":{\"@id\":\"https:\/\/potencialembalagens.com.br\/blog\/#organization\"},\"potentialAction\":[{\"@type\":\"SearchAction\",\"target\":{\"@type\":\"EntryPoint\",\"urlTemplate\":\"https:\/\/potencialembalagens.com.br\/blog\/?s={search_term_string}\"},\"query-input\":{\"@type\":\"PropertyValueSpecification\",\"valueRequired\":true,\"valueName\":\"search_term_string\"}}],\"inLanguage\":\"pt-BR\"},{\"@type\":\"Organization\",\"@id\":\"https:\/\/potencialembalagens.com.br\/blog\/#organization\",\"name\":\"Blog | Potencial Embalagens\",\"url\":\"https:\/\/potencialembalagens.com.br\/blog\/\",\"logo\":{\"@type\":\"ImageObject\",\"inLanguage\":\"pt-BR\",\"@id\":\"https:\/\/potencialembalagens.com.br\/blog\/#\/schema\/logo\/image\/\",\"url\":\"https:\/\/potencialembalagens.com.br\/blog\/wp-content\/uploads\/2024\/06\/logo.png\",\"contentUrl\":\"https:\/\/potencialembalagens.com.br\/blog\/wp-content\/uploads\/2024\/06\/logo.png\",\"width\":280,\"height\":140,\"caption\":\"Blog | Potencial Embalagens\"},\"image\":{\"@id\":\"https:\/\/potencialembalagens.com.br\/blog\/#\/schema\/logo\/image\/\"}},{\"@type\":\"Person\",\"@id\":\"https:\/\/potencialembalagens.com.br\/blog\/#\/schema\/person\/6bfc406a13e7f15f179f6558cfb23a98\",\"name\":\"admin\",\"image\":{\"@type\":\"ImageObject\",\"inLanguage\":\"pt-BR\",\"@id\":\"https:\/\/potencialembalagens.com.br\/blog\/#\/schema\/person\/image\/\",\"url\":\"https:\/\/secure.gravatar.com\/avatar\/ac9557ba9d4c9d6a13579e7d8e52971a8505c7a89c69d895adfa73374e3a77b3?s=96&d=mm&r=g\",\"contentUrl\":\"https:\/\/secure.gravatar.com\/avatar\/ac9557ba9d4c9d6a13579e7d8e52971a8505c7a89c69d895adfa73374e3a77b3?s=96&d=mm&r=g\",\"caption\":\"admin\"},\"sameAs\":[\"https:\/\/potencialembalagens.com.br\/blog\"],\"url\":\"https:\/\/potencialembalagens.com.br\/blog\/author\/admin\/\"}]}<\/script>\n<!-- \/ Yoast SEO plugin. -->","yoast_head_json":{"title":"O que \u00e9 o corte-vinco e qual diferen\u00e7a ele faz nas caixas de transporte? - Blog | Potencial Embalagens","robots":{"index":"noindex","follow":"follow","max-snippet":"max-snippet:-1","max-image-preview":"max-image-preview:large","max-video-preview":"max-video-preview:-1"},"og_locale":"pt_BR","og_type":"article","og_title":"O que \u00e9 o corte-vinco e qual diferen\u00e7a ele faz nas caixas de transporte? - Blog | Potencial Embalagens","og_description":"Entenda o que \u00e9 o corte-vinco e por que ele \u00e9 essencial para a efici\u00eancia, personaliza\u00e7\u00e3o e seguran\u00e7a das caixas de transporte usadas por empresas e transportadoras. Quando se fala em embalagens de papel\u00e3o, a funcionalidade vai muito al\u00e9m da...","og_url":"https:\/\/potencialembalagens.com.br\/blog\/o-que-e-o-corte-vinco-e-qual-diferenca-ele-faz-nas-caixas-de-transporte\/","og_site_name":"Blog | Potencial Embalagens","article_published_time":"2025-05-22T16:45:06+00:00","article_modified_time":"2026-01-13T14:32:24+00:00","og_image":[{"width":740,"height":782,"url":"https:\/\/potencialembalagens.com.br\/blog\/wp-content\/uploads\/2025\/05\/corte-vinco.webp","type":"image\/webp"}],"author":"admin","twitter_card":"summary_large_image","twitter_misc":{"Escrito por":"admin","Est. tempo de leitura":"5 minutos"},"schema":{"@context":"https:\/\/schema.org","@graph":[{"@type":"Article","@id":"https:\/\/potencialembalagens.com.br\/blog\/o-que-e-o-corte-vinco-e-qual-diferenca-ele-faz-nas-caixas-de-transporte\/#article","isPartOf":{"@id":"https:\/\/potencialembalagens.com.br\/blog\/o-que-e-o-corte-vinco-e-qual-diferenca-ele-faz-nas-caixas-de-transporte\/"},"author":{"name":"admin","@id":"https:\/\/potencialembalagens.com.br\/blog\/#\/schema\/person\/6bfc406a13e7f15f179f6558cfb23a98"},"headline":"O que \u00e9 o corte-vinco e qual diferen\u00e7a ele faz nas caixas de transporte?","datePublished":"2025-05-22T16:45:06+00:00","dateModified":"2026-01-13T14:32:24+00:00","mainEntityOfPage":{"@id":"https:\/\/potencialembalagens.com.br\/blog\/o-que-e-o-corte-vinco-e-qual-diferenca-ele-faz-nas-caixas-de-transporte\/"},"wordCount":849,"commentCount":0,"publisher":{"@id":"https:\/\/potencialembalagens.com.br\/blog\/#organization"},"image":{"@id":"https:\/\/potencialembalagens.com.br\/blog\/o-que-e-o-corte-vinco-e-qual-diferenca-ele-faz-nas-caixas-de-transporte\/#primaryimage"},"thumbnailUrl":"https:\/\/potencialembalagens.com.br\/blog\/wp-content\/uploads\/2025\/05\/corte-vinco.webp","articleSection":["Corte-vinco"],"inLanguage":"pt-BR","potentialAction":[{"@type":"CommentAction","name":"Comment","target":["https:\/\/potencialembalagens.com.br\/blog\/o-que-e-o-corte-vinco-e-qual-diferenca-ele-faz-nas-caixas-de-transporte\/#respond"]}]},{"@type":"WebPage","@id":"https:\/\/potencialembalagens.com.br\/blog\/o-que-e-o-corte-vinco-e-qual-diferenca-ele-faz-nas-caixas-de-transporte\/","url":"https:\/\/potencialembalagens.com.br\/blog\/o-que-e-o-corte-vinco-e-qual-diferenca-ele-faz-nas-caixas-de-transporte\/","name":"O que \u00e9 o corte-vinco e qual diferen\u00e7a ele faz nas caixas de transporte? - Blog | Potencial Embalagens","isPartOf":{"@id":"https:\/\/potencialembalagens.com.br\/blog\/#website"},"primaryImageOfPage":{"@id":"https:\/\/potencialembalagens.com.br\/blog\/o-que-e-o-corte-vinco-e-qual-diferenca-ele-faz-nas-caixas-de-transporte\/#primaryimage"},"image":{"@id":"https:\/\/potencialembalagens.com.br\/blog\/o-que-e-o-corte-vinco-e-qual-diferenca-ele-faz-nas-caixas-de-transporte\/#primaryimage"},"thumbnailUrl":"https:\/\/potencialembalagens.com.br\/blog\/wp-content\/uploads\/2025\/05\/corte-vinco.webp","datePublished":"2025-05-22T16:45:06+00:00","dateModified":"2026-01-13T14:32:24+00:00","breadcrumb":{"@id":"https:\/\/potencialembalagens.com.br\/blog\/o-que-e-o-corte-vinco-e-qual-diferenca-ele-faz-nas-caixas-de-transporte\/#breadcrumb"},"inLanguage":"pt-BR","potentialAction":[{"@type":"ReadAction","target":["https:\/\/potencialembalagens.com.br\/blog\/o-que-e-o-corte-vinco-e-qual-diferenca-ele-faz-nas-caixas-de-transporte\/"]}]},{"@type":"ImageObject","inLanguage":"pt-BR","@id":"https:\/\/potencialembalagens.com.br\/blog\/o-que-e-o-corte-vinco-e-qual-diferenca-ele-faz-nas-caixas-de-transporte\/#primaryimage","url":"https:\/\/potencialembalagens.com.br\/blog\/wp-content\/uploads\/2025\/05\/corte-vinco.webp","contentUrl":"https:\/\/potencialembalagens.com.br\/blog\/wp-content\/uploads\/2025\/05\/corte-vinco.webp","width":740,"height":782,"caption":"O que \u00e9 o corte-vinco e qual diferen\u00e7a ele faz nas caixas de transporte?"},{"@type":"BreadcrumbList","@id":"https:\/\/potencialembalagens.com.br\/blog\/o-que-e-o-corte-vinco-e-qual-diferenca-ele-faz-nas-caixas-de-transporte\/#breadcrumb","itemListElement":[{"@type":"ListItem","position":1,"name":"In\u00edcio","item":"https:\/\/potencialembalagens.com.br\/blog\/"},{"@type":"ListItem","position":2,"name":"O que \u00e9 o corte-vinco e qual diferen\u00e7a ele faz nas caixas de transporte?"}]},{"@type":"WebSite","@id":"https:\/\/potencialembalagens.com.br\/blog\/#website","url":"https:\/\/potencialembalagens.com.br\/blog\/","name":"Blog | Potencial Embalagens","description":"","publisher":{"@id":"https:\/\/potencialembalagens.com.br\/blog\/#organization"},"potentialAction":[{"@type":"SearchAction","target":{"@type":"EntryPoint","urlTemplate":"https:\/\/potencialembalagens.com.br\/blog\/?s={search_term_string}"},"query-input":{"@type":"PropertyValueSpecification","valueRequired":true,"valueName":"search_term_string"}}],"inLanguage":"pt-BR"},{"@type":"Organization","@id":"https:\/\/potencialembalagens.com.br\/blog\/#organization","name":"Blog | Potencial Embalagens","url":"https:\/\/potencialembalagens.com.br\/blog\/","logo":{"@type":"ImageObject","inLanguage":"pt-BR","@id":"https:\/\/potencialembalagens.com.br\/blog\/#\/schema\/logo\/image\/","url":"https:\/\/potencialembalagens.com.br\/blog\/wp-content\/uploads\/2024\/06\/logo.png","contentUrl":"https:\/\/potencialembalagens.com.br\/blog\/wp-content\/uploads\/2024\/06\/logo.png","width":280,"height":140,"caption":"Blog | Potencial Embalagens"},"image":{"@id":"https:\/\/potencialembalagens.com.br\/blog\/#\/schema\/logo\/image\/"}},{"@type":"Person","@id":"https:\/\/potencialembalagens.com.br\/blog\/#\/schema\/person\/6bfc406a13e7f15f179f6558cfb23a98","name":"admin","image":{"@type":"ImageObject","inLanguage":"pt-BR","@id":"https:\/\/potencialembalagens.com.br\/blog\/#\/schema\/person\/image\/","url":"https:\/\/secure.gravatar.com\/avatar\/ac9557ba9d4c9d6a13579e7d8e52971a8505c7a89c69d895adfa73374e3a77b3?s=96&d=mm&r=g","contentUrl":"https:\/\/secure.gravatar.com\/avatar\/ac9557ba9d4c9d6a13579e7d8e52971a8505c7a89c69d895adfa73374e3a77b3?s=96&d=mm&r=g","caption":"admin"},"sameAs":["https:\/\/potencialembalagens.com.br\/blog"],"url":"https:\/\/potencialembalagens.com.br\/blog\/author\/admin\/"}]}},"_links":{"self":[{"href":"https:\/\/potencialembalagens.com.br\/blog\/wp-json\/wp\/v2\/posts\/173","targetHints":{"allow":["GET"]}}],"collection":[{"href":"https:\/\/potencialembalagens.com.br\/blog\/wp-json\/wp\/v2\/posts"}],"about":[{"href":"https:\/\/potencialembalagens.com.br\/blog\/wp-json\/wp\/v2\/types\/post"}],"author":[{"embeddable":true,"href":"https:\/\/potencialembalagens.com.br\/blog\/wp-json\/wp\/v2\/users\/1"}],"replies":[{"embeddable":true,"href":"https:\/\/potencialembalagens.com.br\/blog\/wp-json\/wp\/v2\/comments?post=173"}],"version-history":[{"count":1,"href":"https:\/\/potencialembalagens.com.br\/blog\/wp-json\/wp\/v2\/posts\/173\/revisions"}],"predecessor-version":[{"id":176,"href":"https:\/\/potencialembalagens.com.br\/blog\/wp-json\/wp\/v2\/posts\/173\/revisions\/176"}],"wp:featuredmedia":[{"embeddable":true,"href":"https:\/\/potencialembalagens.com.br\/blog\/wp-json\/wp\/v2\/media\/174"}],"wp:attachment":[{"href":"https:\/\/potencialembalagens.com.br\/blog\/wp-json\/wp\/v2\/media?parent=173"}],"wp:term":[{"taxonomy":"category","embeddable":true,"href":"https:\/\/potencialembalagens.com.br\/blog\/wp-json\/wp\/v2\/categories?post=173"},{"taxonomy":"post_tag","embeddable":true,"href":"https:\/\/potencialembalagens.com.br\/blog\/wp-json\/wp\/v2\/tags?post=173"}],"curies":[{"name":"wp","href":"https:\/\/api.w.org\/{rel}","templated":true}]}}